{"id":4292,"date":"2024-12-14T08:21:31","date_gmt":"2024-12-14T06:21:31","guid":{"rendered":"https:\/\/mauritiusnow.com\/fr\/?p=4292"},"modified":"2024-12-14T08:21:31","modified_gmt":"2024-12-14T06:21:31","slug":"festival-international-kreol-a-trou-deau-douce-la-creolite-peut-aussi-jazzer","status":"publish","type":"post","link":"https:\/\/mauritiusnow.com\/fr\/blog\/2024\/12\/14\/festival-international-kreol-a-trou-deau-douce-la-creolite-peut-aussi-jazzer\/","title":{"rendered":"Festival International Kreol \u00e0 Trou d\u2019Eau Douce : La cr\u00e9olit\u00e9 peut aussi jazzer !"},"content":{"rendered":"<p>Edouard Maunick, d\u00e9funt po\u00e8te Mauricien de renomm\u00e9e mondiale, prit naissance \u00e0 Flacq. A un jet de pierre de Trou d\u2019Eau Douce donc. Et l\u2019amoureux des mots qu\u2019il \u00e9tait savait plus que tout que la cr\u00e9olit\u00e9 pouvait aussi jazzer.<\/p>\n<p><img loading=\"lazy\" decoding=\"async\" class=\"aligncenter size-full wp-image-5777\" src=\"https:\/\/mauritiusnow.com\/wp-content\/uploads\/2024\/12\/t1.jpg\" alt=\"\" width=\"800\" height=\"533\" \/><\/p>\n<p>Et que m\u00eame si ce village de l\u2019est est loin de la Nouvelle Orl\u00e9ans, la mer n\u2019est jamais qu\u2019espace \u00e0 parcourir. Avec bottes de sept lieux et slam des tropiques, on pouvait donc marier les notes noires de la Louisiane avec la cadence tropicale de la ravanne. Et cela donne un mariage b\u00e9ni par Mo\u2019zar.<\/p>\n<p>L\u2019ombre d\u2019un autre d\u00e9funt, Jos\u00e9 Th\u00e9r\u00e8se, planait donc sur ce festival. Et si on fermait les yeux, on croirait l\u2019entendre donner le ton aux musiciens qui animent d\u00e9sormais l\u2019ensemble Mo\u2019Zar, un projet fou mis en place pour sauver les enfants du ghetto de la mis\u00e8re et des fl\u00e9aux sociaux.<\/p>\n<p><img loading=\"lazy\" decoding=\"async\" class=\"aligncenter size-full wp-image-5786\" src=\"https:\/\/mauritiusnow.com\/wp-content\/uploads\/2024\/12\/t13.jpg\" alt=\"\" width=\"800\" height=\"533\" \/><\/p>\n<p>Le Festival Kreol peut donc aussi f\u00e9d\u00e9rer autour d\u2019anciennes gloires, tant musicale que po\u00e9tique. Et les jeunes pousses, Blackwell et Kelly Ang Tin Hone, slammeurs d\u2019un soir, peuvent esp\u00e9rer porter les souliers d\u2019Edouard, dans un futur cisel\u00e9 de fleurs de flamboyant.<\/p>\n<p>Il ne manquait plus que Charles Baissac, m\u00eame si son nom n\u2019a toujours pas \u00e9t\u00e9 prononc\u00e9, pour rappeler qu\u2019il est celui qui a fait vivre les sirandanes dans des livres. Afin que ces \u00ab zedmo \u00bb, ces jeux de mots qui ont s\u00e9duit tant Malcolm de Chazal que Jean-Marie Gustave Le Cl\u00e9zio, prix Nobel de litt\u00e9rature. Mais il faudra bien se rappeler de l\u2019existence d\u2019un Baissac, pour exorciser les nuits vaudou qui ont enfant\u00e9 s\u00e9ga, blues et jazz. Et les Kreol Jazz Pioneers et Philippe Thomas, d\u00e9sormais responsable de Mo\u2019Zar peuvent faire appel au grand fr\u00e8re Louis Armstrong :<\/p>\n<p>\u201cI see trees of green, red roses too<\/p>\n<p>I see them bloom for me and for you<\/p>\n<p>And I think to myself<\/p>\n<p>What a wonderful world\u2026\u201d<\/p>\n<p>Oui, le monde est beau quand il est cr\u00e9ole. Et la cr\u00e9olit\u00e9 est belle quand elle se fait jazz. Les vagues applaudissaient ce surr\u00e9alisme tropical. Comme une invite \u00e0 la fraternit\u00e9. Richard Duval, le ministre du Tourisme, sait de quoi il parle : \u00bbNous avons donn\u00e9 de la visibilit\u00e9 aux artistes gr\u00e2ce au Festival Kreol. Fode pa nou ena fristrasion dan zorey. \u00bb.<\/p>\n<p><img loading=\"lazy\" decoding=\"async\" class=\"aligncenter size-full wp-image-5782\" src=\"https:\/\/mauritiusnow.com\/wp-content\/uploads\/2024\/12\/t6.jpg\" alt=\"\" width=\"800\" height=\"533\" \/><\/p>\n<p>Tendez l\u2019oreille : la cr\u00e9olit\u00e9 est plus que jamais vivante. Elle vit dans un trou d\u2019eau douce. Comme une source jamais tarie !<\/p>\n<p><img loading=\"lazy\" decoding=\"async\" class=\"aligncenter size-full wp-image-5781\" src=\"https:\/\/mauritiusnow.com\/wp-content\/uploads\/2024\/12\/t5.jpg\" alt=\"\" width=\"800\" height=\"533\" \/> <img loading=\"lazy\" decoding=\"async\" class=\"aligncenter size-full wp-image-5785\" src=\"https:\/\/mauritiusnow.com\/wp-content\/uploads\/2024\/12\/t12.jpg\" alt=\"\" width=\"800\" height=\"533\" \/> <img loading=\"lazy\" decoding=\"async\" class=\"aligncenter size-full wp-image-5780\" src=\"https:\/\/mauritiusnow.com\/wp-content\/uploads\/2024\/12\/t4.jpg\" alt=\"\" width=\"800\" height=\"533\" \/> <img loading=\"lazy\" decoding=\"async\" class=\"aligncenter size-full wp-image-5779\" src=\"https:\/\/mauritiusnow.com\/wp-content\/uploads\/2024\/12\/t3.jpg\" alt=\"\" width=\"800\" height=\"533\" \/> <img loading=\"lazy\" decoding=\"async\" class=\"aligncenter size-full wp-image-5778\" src=\"https:\/\/mauritiusnow.com\/wp-content\/uploads\/2024\/12\/t2.jpg\" alt=\"\" width=\"800\" height=\"533\" \/> <img loading=\"lazy\" decoding=\"async\" class=\"aligncenter size-full wp-image-5783\" src=\"https:\/\/mauritiusnow.com\/wp-content\/uploads\/2024\/12\/t8.jpg\" alt=\"\" width=\"800\" height=\"533\" \/><\/p>\n","protected":false},"excerpt":{"rendered":"<p>Edouard Maunick, d\u00e9funt po\u00e8te Mauricien de renomm\u00e9e mondiale, prit naissance \u00e0 Flacq. A un jet de pierre de Trou d\u2019Eau Douce donc. Et l\u2019amoureux des mots qu\u2019il \u00e9tait savait plus que tout que la cr\u00e9olit\u00e9 pouvait aussi jazzer. Et que m\u00eame si ce village de l\u2019est est loin de la Nouvelle Orl\u00e9ans, la mer n\u2019est &hellip; <a href=\"https:\/\/mauritiusnow.com\/fr\/blog\/2024\/12\/14\/festival-international-kreol-a-trou-deau-douce-la-creolite-peut-aussi-jazzer\/\" class=\"more-link\">Continue reading<span class=\"screen-reader-text\"> &#8220;Festival International Kreol \u00e0 Trou d\u2019Eau Douce : La cr\u00e9olit\u00e9 peut aussi jazzer !&#8221;<\/span><\/a><\/p>\n","protected":false},"author":3,"featured_media":4293,"comment_status":"closed","ping_status":"open","sticky":false,"template":"","format":"standard","meta":{"footnotes":""},"categories":[6,1],"tags":[],"class_list":["post-4292","post","type-post","status-publish","format-standard","has-post-thumbnail","hentry","category-communiques-de-presse","category-dernieres-nouvelles"],"_links":{"self":[{"href":"https:\/\/mauritiusnow.com\/fr\/wp-json\/wp\/v2\/posts\/4292","targetHints":{"allow":["GET"]}}],"collection":[{"href":"https:\/\/mauritiusnow.com\/fr\/wp-json\/wp\/v2\/posts"}],"about":[{"href":"https:\/\/mauritiusnow.com\/fr\/wp-json\/wp\/v2\/types\/post"}],"author":[{"embeddable":true,"href":"https:\/\/mauritiusnow.com\/fr\/wp-json\/wp\/v2\/users\/3"}],"replies":[{"embeddable":true,"href":"https:\/\/mauritiusnow.com\/fr\/wp-json\/wp\/v2\/comments?post=4292"}],"version-history":[{"count":1,"href":"https:\/\/mauritiusnow.com\/fr\/wp-json\/wp\/v2\/posts\/4292\/revisions"}],"predecessor-version":[{"id":4294,"href":"https:\/\/mauritiusnow.com\/fr\/wp-json\/wp\/v2\/posts\/4292\/revisions\/4294"}],"wp:featuredmedia":[{"embeddable":true,"href":"https:\/\/mauritiusnow.com\/fr\/wp-json\/wp\/v2\/media\/4293"}],"wp:attachment":[{"href":"https:\/\/mauritiusnow.com\/fr\/wp-json\/wp\/v2\/media?parent=4292"}],"wp:term":[{"taxonomy":"category","embeddable":true,"href":"https:\/\/mauritiusnow.com\/fr\/wp-json\/wp\/v2\/categories?post=4292"},{"taxonomy":"post_tag","embeddable":true,"href":"https:\/\/mauritiusnow.com\/fr\/wp-json\/wp\/v2\/tags?post=4292"}],"curies":[{"name":"wp","href":"https:\/\/api.w.org\/{rel}","templated":true}]}}