{"id":4295,"date":"2024-12-17T08:34:44","date_gmt":"2024-12-17T06:34:44","guid":{"rendered":"https:\/\/mauritiusnow.com\/fr\/?p=4295"},"modified":"2024-12-17T08:34:44","modified_gmt":"2024-12-17T06:34:44","slug":"festival-international-kreol-a-grand-baie-partager-cest-soigner","status":"publish","type":"post","link":"https:\/\/mauritiusnow.com\/fr\/blog\/2024\/12\/17\/festival-international-kreol-a-grand-baie-partager-cest-soigner\/","title":{"rendered":"Festival international Kreol \u00e0 Grand Baie : Partager, c&#8217;est soigner !"},"content":{"rendered":"<p>Le 15 d\u00e9cembre, le festival international Kreol de Grand Baie a c\u00e9l\u00e9br\u00e9 l&#8217;essence de la cuisine mauricienne en m\u00eame temps qu&#8217;un concert sur la plage. Apr\u00e8s Le Morne et Trou d&#8217;Eau Douce, le festival visait \u00e0 attirer un public plus large en mettant en avant la cuisine populaire mauricienne, reflet d&#8217;une culture vari\u00e9e et dynamique.<\/p>\n<p><img loading=\"lazy\" decoding=\"async\" class=\"aligncenter size-full wp-image-5790\" src=\"https:\/\/mauritiusnow.com\/wp-content\/uploads\/2024\/12\/g1.jpg\" alt=\"\" width=\"800\" height=\"534\" \/><\/p>\n<p>Cette vitrine culinaire est une excellente occasion d&#8217;explorer l&#8217;\u00eele Maurice \u00e0 travers ses saveurs, rappelant des exp\u00e9riences culinaires notables comme la visite de Barack Obama au Vi\u00eat Nam. Le festival a mis en lumi\u00e8re l&#8217;importance du partage des repas, d&#8217;autant plus que les liens politiques et sociaux se nouent souvent autour de la nourriture. Les touristes ont afflu\u00e9 pour savourer les d\u00e9lices locaux, de la mine frite au poisson vindaye, accompagn\u00e9s de boissons rafra\u00eechissantes comme le jus de tamarin et le jus de canne.<\/p>\n<p><img loading=\"lazy\" decoding=\"async\" class=\"aligncenter size-full wp-image-5795\" src=\"https:\/\/mauritiusnow.com\/wp-content\/uploads\/2024\/12\/g2.jpg\" alt=\"\" width=\"800\" height=\"534\" \/><\/p>\n<p>Plut\u00f4t qu&#8217;une c\u00e9l\u00e9bration formelle, ce festival culinaire a invit\u00e9 les invit\u00e9s \u00e0 se laisser aller aux plaisirs de la gastronomie mauricienne, en favorisant les liens entre les habitants et les visiteurs. Des plats populaires comme le \u00ab briani \u00bb et les boulettes de p\u00e2te cuites \u00e0 la vapeur font d\u00e9sormais partie du lexique local, illustrant la fusion des cultures sur l&#8217;\u00eele.<\/p>\n<p><img loading=\"lazy\" decoding=\"async\" class=\"aligncenter size-full wp-image-5794\" src=\"https:\/\/mauritiusnow.com\/wp-content\/uploads\/2024\/12\/g13.jpg\" alt=\"\" width=\"800\" height=\"534\" \/><br \/>\nLe festival a m\u00eal\u00e9 musique et cuisine, les artistes divertissant les participants tandis que les ar\u00f4mes emplissaient l&#8217;air. Ce m\u00e9lange entre en r\u00e9sonance avec la nature po\u00e9tique de la cuisine, r\u00e9v\u00e9lant que la nourriture fait partie int\u00e9grante de la compr\u00e9hension d&#8217;une culture. Le festival Kreol souligne l&#8217;importance des arts culinaires dans le patrimoine mauricien, offrant une invitation ouverte \u00e0 faire l&#8217;exp\u00e9rience de la chaleur de l&#8217;hospitalit\u00e9 qui caract\u00e9rise l&#8217;\u00eele. Les habitants partagent leurs traditions culinaires et il est clair que le c\u0153ur de l&#8217;\u00eele Maurice bat plus fort lorsqu&#8217;il est r\u00e9uni autour d&#8217;une table.<\/p>\n<p><img loading=\"lazy\" decoding=\"async\" class=\"aligncenter size-full wp-image-5791\" src=\"https:\/\/mauritiusnow.com\/wp-content\/uploads\/2024\/12\/g6.jpg\" alt=\"\" width=\"800\" height=\"534\" \/><\/p>\n<p><img loading=\"lazy\" decoding=\"async\" class=\"aligncenter size-full wp-image-5792\" src=\"https:\/\/mauritiusnow.com\/wp-content\/uploads\/2024\/12\/g7.jpg\" alt=\"\" width=\"800\" height=\"534\" \/><\/p>\n","protected":false},"excerpt":{"rendered":"<p>Le 15 d\u00e9cembre, le festival international Kreol de Grand Baie a c\u00e9l\u00e9br\u00e9 l&#8217;essence de la cuisine mauricienne en m\u00eame temps qu&#8217;un concert sur la plage. Apr\u00e8s Le Morne et Trou d&#8217;Eau Douce, le festival visait \u00e0 attirer un public plus large en mettant en avant la cuisine populaire mauricienne, reflet d&#8217;une culture vari\u00e9e et dynamique. &hellip; <a href=\"https:\/\/mauritiusnow.com\/fr\/blog\/2024\/12\/17\/festival-international-kreol-a-grand-baie-partager-cest-soigner\/\" class=\"more-link\">Continue reading<span class=\"screen-reader-text\"> &#8220;Festival international Kreol \u00e0 Grand Baie : Partager, c&#8217;est soigner !&#8221;<\/span><\/a><\/p>\n","protected":false},"author":3,"featured_media":4296,"comment_status":"closed","ping_status":"open","sticky":false,"template":"","format":"standard","meta":{"footnotes":""},"categories":[6,1],"tags":[],"class_list":["post-4295","post","type-post","status-publish","format-standard","has-post-thumbnail","hentry","category-communiques-de-presse","category-dernieres-nouvelles"],"_links":{"self":[{"href":"https:\/\/mauritiusnow.com\/fr\/wp-json\/wp\/v2\/posts\/4295","targetHints":{"allow":["GET"]}}],"collection":[{"href":"https:\/\/mauritiusnow.com\/fr\/wp-json\/wp\/v2\/posts"}],"about":[{"href":"https:\/\/mauritiusnow.com\/fr\/wp-json\/wp\/v2\/types\/post"}],"author":[{"embeddable":true,"href":"https:\/\/mauritiusnow.com\/fr\/wp-json\/wp\/v2\/users\/3"}],"replies":[{"embeddable":true,"href":"https:\/\/mauritiusnow.com\/fr\/wp-json\/wp\/v2\/comments?post=4295"}],"version-history":[{"count":1,"href":"https:\/\/mauritiusnow.com\/fr\/wp-json\/wp\/v2\/posts\/4295\/revisions"}],"predecessor-version":[{"id":4297,"href":"https:\/\/mauritiusnow.com\/fr\/wp-json\/wp\/v2\/posts\/4295\/revisions\/4297"}],"wp:featuredmedia":[{"embeddable":true,"href":"https:\/\/mauritiusnow.com\/fr\/wp-json\/wp\/v2\/media\/4296"}],"wp:attachment":[{"href":"https:\/\/mauritiusnow.com\/fr\/wp-json\/wp\/v2\/media?parent=4295"}],"wp:term":[{"taxonomy":"category","embeddable":true,"href":"https:\/\/mauritiusnow.com\/fr\/wp-json\/wp\/v2\/categories?post=4295"},{"taxonomy":"post_tag","embeddable":true,"href":"https:\/\/mauritiusnow.com\/fr\/wp-json\/wp\/v2\/tags?post=4295"}],"curies":[{"name":"wp","href":"https:\/\/api.w.org\/{rel}","templated":true}]}}